{"id":123,"date":"2008-02-20T13:46:31","date_gmt":"2008-02-20T16:46:31","guid":{"rendered":"http:\/\/ebasso.net\/xps\/modules\/wordpress\/?p=123"},"modified":"2008-02-20T13:55:53","modified_gmt":"2008-02-20T16:55:53","slug":"calendario-de-eventos-do-ctg-saudade-dos-pampas","status":"publish","type":"post","link":"https:\/\/ebasso.net\/wp\/2008\/02\/20\/calendario-de-eventos-do-ctg-saudade-dos-pampas\/","title":{"rendered":"Calend\u00e1rio de eventos do CTG Saudade dos Pampas"},"content":{"rendered":"<p>J\u00e1 est\u00e1 dispon\u00edvel o calend\u00e1rio de eventos do CTG Saudades dos Pampas de Goi\u00e2nia-GO.<\/p>\n<p>Vale a pena conhecer, nos eventos voc\u00ea pode saborear o aut\u00eantico Churrasco Ga\u00facho,<\/p>\n<p>ver apresenta\u00e7\u00e3o de Dan\u00e7as T\u00edpicas,e tomar um chimarr\u00e3o, sempre com a boa hospitalidade<\/p>\n<p>do pessoal do CTG.<\/p>\n<p><strong>Eventos<\/strong><br \/>\n<strong>Fevereiro<br \/>\n<\/strong><br \/>\nDia <strong>10 <\/strong>\u2013 Almo\u00e7o \u2013 Costel\u00e3o ao Fogo de Ch\u00e3o e Acompanhamentos<br \/>\nDia <strong>23 <\/strong>\u2013 Jantar Dan\u00e7ante \u2013 Costela assada e Acompanhamentos<\/p>\n<p><strong>Mar\u00e7o<\/strong><br \/>\nDia <strong>09 <\/strong>\u2013 Almo\u00e7o \u2013 Costel\u00e3o ao Fogo de Ch\u00e3o e Acompanhamentos (Faixas das Prendas)<br \/>\nDias <strong>28, 29, 30<\/strong> \u2013 <strong>Rodeio da Integra\u00e7\u00e3o na Pecu\u00e1ria<\/strong><\/p>\n<p><strong>Abril<\/strong><br \/>\nDia <strong>12 <\/strong>\u2013 Torneio de Truco \u201cCego\u201d<br \/>\nDia <strong>13 <\/strong>\u2013 Almo\u00e7o \u2013 Costel\u00e3o ao Fogo de Ch\u00e3o e Acompanhamentos<br \/>\nDia <strong>26 <\/strong>\u2013 Jantar Dan\u00e7ante \u2013 Costela assada e Acompanhamentos<\/p>\n<p><strong>Maio<\/strong><br \/>\nDia <strong>11 <\/strong>\u2013 Almo\u00e7o \u2013 Costel\u00e3o ao Fogo de Ch\u00e3o e Acompanhamentos (Dia da M\u00e3es)<br \/>\nDia <strong>31 <\/strong>\u2013 <strong>NOITE ITALIANA<\/strong><\/p>\n<p><strong>Junho<\/strong><br \/>\nDia <strong>08 <\/strong>\u2013 Almo\u00e7o \u2013 Costel\u00e3o ao Fogo de Ch\u00e3o e Acompanhamentos<br \/>\nDia <strong>14 <\/strong>\u2013 <strong>ANIVERS\u00c1RIO DO CTG SAUDADE DOS PAMPAS<\/strong><\/p>\n<p><strong>Julho<\/strong><br \/>\n<strong>N\u00c3O HAVER\u00c1 CHURRASCO POR CAUSA DO RODEIO<\/strong><br \/>\nDias <strong>11,12,13<\/strong> \u2013 RODEIO REGIONAL em Luis Eduardo Magalh\u00e3es (BA)<br \/>\nDia <strong>26 <\/strong>\u2013 Jantar Dan\u00e7ante \u2013 Costela assada e Acompanhamentos<\/p>\n<p><strong>Agosto<\/strong><br \/>\nDia <strong>10 <\/strong>\u2013 Almo\u00e7o \u2013 Costel\u00e3o ao Fogo de Ch\u00e3o e Acompanhamentos (Dia dos Pais)<br \/>\nDia <strong>23 <\/strong>\u2013 Torneios Esportivos \u2013 Bocha e Truco Espanhol<br \/>\nDia <strong>30 <\/strong>\u2013 Jantar Dan\u00e7ante \u2013 Costela assada e Acompanhamentos<\/p>\n<p><strong>Setembro<\/strong><br \/>\nDia <strong>13 <\/strong>\u2013 Abertura da <strong>Semana Farroupilha<\/strong><br \/>\nDia <strong>14 <\/strong>\u2013 Almo\u00e7o \u2013 Costel\u00e3o ao Fogo de Ch\u00e3o e Acompanhamentos<br \/>\nDia <strong>20 <\/strong>\u2013 Dia do Ga\u00facho \u2013 Baile do Jubileu de Ouro do CTG Saudade dos Pampas<\/p>\n<p><strong>Outubro<\/strong><br \/>\nDias <strong>3, 4, 5<\/strong> \u2013 Encontro de Invernadas em Bras\u00edlia.<br \/>\nDia <strong>12 <\/strong>\u2013 Almo\u00e7o \u2013 Costel\u00e3o ao Fogo de Ch\u00e3o e Acompanhamentos<br \/>\nDia <strong>25 <\/strong>\u2013 <strong>NOITE ALEM\u00c3<\/strong><\/p>\n<p><strong>Novembro<\/strong><br \/>\nDia <strong>09 <\/strong>\u2013 Almo\u00e7o \u2013 Costel\u00e3o ao Fogo de Ch\u00e3o e Acompanhamentos<br \/>\nDia <strong>29 <\/strong>\u2013 Jantar Dan\u00e7ante \u2013 Costela assada e Acompanhamentos<\/p>\n<p><strong>Dezembro<\/strong><br \/>\nDia 14 \u2013 Almo\u00e7o \u2013 Costel\u00e3o ao Fogo de Ch\u00e3o e Acompanhamentos (Encerramento)<br \/>\n* Pode ocorrer altera\u00e7\u00e3o.<\/p>\n<h3 class='related_post_title'>Leia tamb\u00e9m:<\/h3><ul class='related_post'><li>Sem textos relacionados<\/li><\/ul>","protected":false},"excerpt":{"rendered":"<p>J\u00e1 est\u00e1 dispon\u00edvel o calend\u00e1rio de eventos do CTG Saudades dos Pampas de Goi\u00e2nia-GO. Vale a pena conhecer, nos eventos voc\u00ea pode saborear o aut\u00eantico Churrasco Ga\u00facho, ver apresenta\u00e7\u00e3o de &hellip; <a href=\"https:\/\/ebasso.net\/wp\/2008\/02\/20\/calendario-de-eventos-do-ctg-saudade-dos-pampas\/\" class=\"more-link\">Continue reading<span class=\"screen-reader-text\"> &#8220;Calend\u00e1rio de eventos do CTG Saudade dos Pampas&#8221;<\/span><\/a><\/p>\n","protected":false},"author":1,"featured_media":0,"comment_status":"open","ping_status":"open","sticky":false,"template":"","format":"standard","meta":{"footnotes":""},"categories":[],"tags":[],"class_list":["post-123","post","type-post","status-publish","format-standard","hentry"],"aioseo_notices":[],"aioseo_head":"\n\t\t<!-- All in One SEO 4.9.10 - aioseo.com -->\n\t<meta name=\"robots\" content=\"max-image-preview:large\" \/>\n\t<meta name=\"author\" content=\"Enio Basso\"\/>\n\t<link rel=\"canonical\" href=\"https:\/\/ebasso.net\/wp\/2008\/02\/20\/calendario-de-eventos-do-ctg-saudade-dos-pampas\/\" \/>\n\t<meta name=\"generator\" content=\"All in One SEO (AIOSEO) 4.9.10\" \/>\n\t\t<meta property=\"og:locale\" content=\"en_US\" \/>\n\t\t<meta property=\"og:site_name\" content=\"Enio Basso | colabora\u00e7\u00e3o :: fam\u00edlia :: tecnologia da informa\u00e7\u00e3o\" \/>\n\t\t<meta property=\"og:type\" content=\"article\" \/>\n\t\t<meta property=\"og:title\" content=\"Calend\u00e1rio de eventos do CTG Saudade dos Pampas | Enio Basso\" \/>\n\t\t<meta property=\"og:url\" content=\"https:\/\/ebasso.net\/wp\/2008\/02\/20\/calendario-de-eventos-do-ctg-saudade-dos-pampas\/\" \/>\n\t\t<meta property=\"article:published_time\" content=\"2008-02-20T16:46:31+00:00\" \/>\n\t\t<meta property=\"article:modified_time\" content=\"2008-02-20T16:55:53+00:00\" \/>\n\t\t<meta name=\"twitter:card\" content=\"summary\" \/>\n\t\t<meta name=\"twitter:title\" content=\"Calend\u00e1rio de eventos do CTG Saudade dos Pampas | Enio Basso\" \/>\n\t\t<script type=\"application\/ld+json\" class=\"aioseo-schema\">\n\t\t\t{\"@context\":\"https:\\\/\\\/schema.org\",\"@graph\":[{\"@type\":\"Article\",\"@id\":\"https:\\\/\\\/ebasso.net\\\/wp\\\/2008\\\/02\\\/20\\\/calendario-de-eventos-do-ctg-saudade-dos-pampas\\\/#article\",\"name\":\"Calend\\u00e1rio de eventos do CTG Saudade dos Pampas | Enio Basso\",\"headline\":\"Calend\\u00e1rio de eventos do CTG Saudade dos Pampas\",\"author\":{\"@id\":\"https:\\\/\\\/ebasso.net\\\/wp\\\/author\\\/enio-basso\\\/#author\"},\"publisher\":{\"@id\":\"https:\\\/\\\/ebasso.net\\\/wp\\\/#organization\"},\"datePublished\":\"2008-02-20T13:46:31-03:00\",\"dateModified\":\"2008-02-20T13:55:53-03:00\",\"inLanguage\":\"en-US\",\"commentCount\":1,\"mainEntityOfPage\":{\"@id\":\"https:\\\/\\\/ebasso.net\\\/wp\\\/2008\\\/02\\\/20\\\/calendario-de-eventos-do-ctg-saudade-dos-pampas\\\/#webpage\"},\"isPartOf\":{\"@id\":\"https:\\\/\\\/ebasso.net\\\/wp\\\/2008\\\/02\\\/20\\\/calendario-de-eventos-do-ctg-saudade-dos-pampas\\\/#webpage\"}},{\"@type\":\"BreadcrumbList\",\"@id\":\"https:\\\/\\\/ebasso.net\\\/wp\\\/2008\\\/02\\\/20\\\/calendario-de-eventos-do-ctg-saudade-dos-pampas\\\/#breadcrumblist\",\"itemListElement\":[{\"@type\":\"ListItem\",\"@id\":\"https:\\\/\\\/ebasso.net\\\/wp#listItem\",\"position\":1,\"name\":\"Home\",\"item\":\"https:\\\/\\\/ebasso.net\\\/wp\",\"nextItem\":{\"@type\":\"ListItem\",\"@id\":\"https:\\\/\\\/ebasso.net\\\/wp\\\/2008\\\/02\\\/20\\\/calendario-de-eventos-do-ctg-saudade-dos-pampas\\\/#listItem\",\"name\":\"Calend\\u00e1rio de eventos do CTG Saudade dos Pampas\"}},{\"@type\":\"ListItem\",\"@id\":\"https:\\\/\\\/ebasso.net\\\/wp\\\/2008\\\/02\\\/20\\\/calendario-de-eventos-do-ctg-saudade-dos-pampas\\\/#listItem\",\"position\":2,\"name\":\"Calend\\u00e1rio de eventos do CTG Saudade dos Pampas\",\"previousItem\":{\"@type\":\"ListItem\",\"@id\":\"https:\\\/\\\/ebasso.net\\\/wp#listItem\",\"name\":\"Home\"}}]},{\"@type\":\"Organization\",\"@id\":\"https:\\\/\\\/ebasso.net\\\/wp\\\/#organization\",\"name\":\"Enio Basso\",\"description\":\"colabora\\u00e7\\u00e3o :: fam\\u00edlia :: tecnologia da informa\\u00e7\\u00e3o\",\"url\":\"https:\\\/\\\/ebasso.net\\\/wp\\\/\"},{\"@type\":\"Person\",\"@id\":\"https:\\\/\\\/ebasso.net\\\/wp\\\/author\\\/enio-basso\\\/#author\",\"url\":\"https:\\\/\\\/ebasso.net\\\/wp\\\/author\\\/enio-basso\\\/\",\"name\":\"Enio Basso\",\"image\":{\"@type\":\"ImageObject\",\"@id\":\"https:\\\/\\\/ebasso.net\\\/wp\\\/2008\\\/02\\\/20\\\/calendario-de-eventos-do-ctg-saudade-dos-pampas\\\/#authorImage\",\"url\":\"https:\\\/\\\/secure.gravatar.com\\\/avatar\\\/0c8f58cc2ed293ce7ce937afc2ee413a23fc74b6200534917d33bb08c4814854?s=96&d=mm&r=g\",\"width\":96,\"height\":96,\"caption\":\"Enio Basso\"}},{\"@type\":\"WebPage\",\"@id\":\"https:\\\/\\\/ebasso.net\\\/wp\\\/2008\\\/02\\\/20\\\/calendario-de-eventos-do-ctg-saudade-dos-pampas\\\/#webpage\",\"url\":\"https:\\\/\\\/ebasso.net\\\/wp\\\/2008\\\/02\\\/20\\\/calendario-de-eventos-do-ctg-saudade-dos-pampas\\\/\",\"name\":\"Calend\\u00e1rio de eventos do CTG Saudade dos Pampas | Enio Basso\",\"inLanguage\":\"en-US\",\"isPartOf\":{\"@id\":\"https:\\\/\\\/ebasso.net\\\/wp\\\/#website\"},\"breadcrumb\":{\"@id\":\"https:\\\/\\\/ebasso.net\\\/wp\\\/2008\\\/02\\\/20\\\/calendario-de-eventos-do-ctg-saudade-dos-pampas\\\/#breadcrumblist\"},\"author\":{\"@id\":\"https:\\\/\\\/ebasso.net\\\/wp\\\/author\\\/enio-basso\\\/#author\"},\"creator\":{\"@id\":\"https:\\\/\\\/ebasso.net\\\/wp\\\/author\\\/enio-basso\\\/#author\"},\"datePublished\":\"2008-02-20T13:46:31-03:00\",\"dateModified\":\"2008-02-20T13:55:53-03:00\"},{\"@type\":\"WebSite\",\"@id\":\"https:\\\/\\\/ebasso.net\\\/wp\\\/#website\",\"url\":\"https:\\\/\\\/ebasso.net\\\/wp\\\/\",\"name\":\"Enio Basso\",\"description\":\"colabora\\u00e7\\u00e3o :: fam\\u00edlia :: tecnologia da informa\\u00e7\\u00e3o\",\"inLanguage\":\"en-US\",\"publisher\":{\"@id\":\"https:\\\/\\\/ebasso.net\\\/wp\\\/#organization\"}}]}\n\t\t<\/script>\n\t\t<!-- All in One SEO -->\n\n","aioseo_head_json":{"title":"Calend\u00e1rio de eventos do CTG Saudade dos Pampas | Enio Basso","description":"","canonical_url":"https:\/\/ebasso.net\/wp\/2008\/02\/20\/calendario-de-eventos-do-ctg-saudade-dos-pampas\/","robots":"max-image-preview:large","keywords":"","webmasterTools":{"miscellaneous":""},"schema":{"@context":"https:\/\/schema.org","@graph":[{"@type":"Article","@id":"https:\/\/ebasso.net\/wp\/2008\/02\/20\/calendario-de-eventos-do-ctg-saudade-dos-pampas\/#article","name":"Calend\u00e1rio de eventos do CTG Saudade dos Pampas | Enio Basso","headline":"Calend\u00e1rio de eventos do CTG Saudade dos Pampas","author":{"@id":"https:\/\/ebasso.net\/wp\/author\/enio-basso\/#author"},"publisher":{"@id":"https:\/\/ebasso.net\/wp\/#organization"},"datePublished":"2008-02-20T13:46:31-03:00","dateModified":"2008-02-20T13:55:53-03:00","inLanguage":"en-US","commentCount":1,"mainEntityOfPage":{"@id":"https:\/\/ebasso.net\/wp\/2008\/02\/20\/calendario-de-eventos-do-ctg-saudade-dos-pampas\/#webpage"},"isPartOf":{"@id":"https:\/\/ebasso.net\/wp\/2008\/02\/20\/calendario-de-eventos-do-ctg-saudade-dos-pampas\/#webpage"}},{"@type":"BreadcrumbList","@id":"https:\/\/ebasso.net\/wp\/2008\/02\/20\/calendario-de-eventos-do-ctg-saudade-dos-pampas\/#breadcrumblist","itemListElement":[{"@type":"ListItem","@id":"https:\/\/ebasso.net\/wp#listItem","position":1,"name":"Home","item":"https:\/\/ebasso.net\/wp","nextItem":{"@type":"ListItem","@id":"https:\/\/ebasso.net\/wp\/2008\/02\/20\/calendario-de-eventos-do-ctg-saudade-dos-pampas\/#listItem","name":"Calend\u00e1rio de eventos do CTG Saudade dos Pampas"}},{"@type":"ListItem","@id":"https:\/\/ebasso.net\/wp\/2008\/02\/20\/calendario-de-eventos-do-ctg-saudade-dos-pampas\/#listItem","position":2,"name":"Calend\u00e1rio de eventos do CTG Saudade dos Pampas","previousItem":{"@type":"ListItem","@id":"https:\/\/ebasso.net\/wp#listItem","name":"Home"}}]},{"@type":"Organization","@id":"https:\/\/ebasso.net\/wp\/#organization","name":"Enio Basso","description":"colabora\u00e7\u00e3o :: fam\u00edlia :: tecnologia da informa\u00e7\u00e3o","url":"https:\/\/ebasso.net\/wp\/"},{"@type":"Person","@id":"https:\/\/ebasso.net\/wp\/author\/enio-basso\/#author","url":"https:\/\/ebasso.net\/wp\/author\/enio-basso\/","name":"Enio Basso","image":{"@type":"ImageObject","@id":"https:\/\/ebasso.net\/wp\/2008\/02\/20\/calendario-de-eventos-do-ctg-saudade-dos-pampas\/#authorImage","url":"https:\/\/secure.gravatar.com\/avatar\/0c8f58cc2ed293ce7ce937afc2ee413a23fc74b6200534917d33bb08c4814854?s=96&d=mm&r=g","width":96,"height":96,"caption":"Enio Basso"}},{"@type":"WebPage","@id":"https:\/\/ebasso.net\/wp\/2008\/02\/20\/calendario-de-eventos-do-ctg-saudade-dos-pampas\/#webpage","url":"https:\/\/ebasso.net\/wp\/2008\/02\/20\/calendario-de-eventos-do-ctg-saudade-dos-pampas\/","name":"Calend\u00e1rio de eventos do CTG Saudade dos Pampas | Enio Basso","inLanguage":"en-US","isPartOf":{"@id":"https:\/\/ebasso.net\/wp\/#website"},"breadcrumb":{"@id":"https:\/\/ebasso.net\/wp\/2008\/02\/20\/calendario-de-eventos-do-ctg-saudade-dos-pampas\/#breadcrumblist"},"author":{"@id":"https:\/\/ebasso.net\/wp\/author\/enio-basso\/#author"},"creator":{"@id":"https:\/\/ebasso.net\/wp\/author\/enio-basso\/#author"},"datePublished":"2008-02-20T13:46:31-03:00","dateModified":"2008-02-20T13:55:53-03:00"},{"@type":"WebSite","@id":"https:\/\/ebasso.net\/wp\/#website","url":"https:\/\/ebasso.net\/wp\/","name":"Enio Basso","description":"colabora\u00e7\u00e3o :: fam\u00edlia :: tecnologia da informa\u00e7\u00e3o","inLanguage":"en-US","publisher":{"@id":"https:\/\/ebasso.net\/wp\/#organization"}}]},"og:locale":"en_US","og:site_name":"Enio Basso | colabora\u00e7\u00e3o :: fam\u00edlia :: tecnologia da informa\u00e7\u00e3o","og:type":"article","og:title":"Calend\u00e1rio de eventos do CTG Saudade dos Pampas | Enio Basso","og:url":"https:\/\/ebasso.net\/wp\/2008\/02\/20\/calendario-de-eventos-do-ctg-saudade-dos-pampas\/","article:published_time":"2008-02-20T16:46:31+00:00","article:modified_time":"2008-02-20T16:55:53+00:00","twitter:card":"summary","twitter:title":"Calend\u00e1rio de eventos do CTG Saudade dos Pampas | Enio Basso"},"aioseo_meta_data":{"post_id":"123","title":null,"description":null,"keywords":null,"keyphrases":null,"primary_term":null,"canonical_url":null,"og_title":null,"og_description":null,"og_object_type":"default","og_image_type":"default","og_image_url":null,"og_image_width":null,"og_image_height":null,"og_image_custom_url":null,"og_image_custom_fields":null,"og_video":null,"og_custom_url":null,"og_article_section":null,"og_article_tags":null,"twitter_use_og":false,"twitter_card":"default","twitter_image_type":"default","twitter_image_url":null,"twitter_image_custom_url":null,"twitter_image_custom_fields":null,"twitter_title":null,"twitter_description":null,"schema":{"blockGraphs":[],"customGraphs":[],"default":{"data":{"Article":[],"Course":[],"Dataset":[],"FAQPage":[],"Movie":[],"Person":[],"Product":[],"ProductReview":[],"Car":[],"Recipe":[],"Service":[],"SoftwareApplication":[],"WebPage":[]},"graphName":"Article","isEnabled":true},"graphs":[]},"schema_type":null,"schema_type_options":null,"pillar_content":false,"robots_default":true,"robots_noindex":false,"robots_noarchive":false,"robots_nosnippet":false,"robots_nofollow":false,"robots_noimageindex":false,"robots_noodp":false,"robots_notranslate":false,"robots_max_snippet":null,"robots_max_videopreview":null,"robots_max_imagepreview":"large","priority":null,"frequency":null,"local_seo":null,"breadcrumb_settings":null,"limit_modified_date":false,"ai":null,"created":"2021-03-23 11:44:54","updated":"2025-06-17 12:54:16","seo_analyzer_scan_date":null},"aioseo_breadcrumb":"<div class=\"aioseo-breadcrumbs\"><span class=\"aioseo-breadcrumb\">\n\t\t\t<a href=\"https:\/\/ebasso.net\/wp\" title=\"Home\">Home<\/a>\n\t\t<\/span><span class=\"aioseo-breadcrumb-separator\">&raquo;<\/span><span class=\"aioseo-breadcrumb\">\n\t\t\tCalend\u00e1rio de eventos do CTG Saudade dos Pampas\n\t\t<\/span><\/div>","aioseo_breadcrumb_json":[{"label":"Home","link":"https:\/\/ebasso.net\/wp"},{"label":"Calend\u00e1rio de eventos do CTG Saudade dos Pampas","link":"https:\/\/ebasso.net\/wp\/2008\/02\/20\/calendario-de-eventos-do-ctg-saudade-dos-pampas\/"}],"views":1617,"_links":{"self":[{"href":"https:\/\/ebasso.net\/wp\/wp-json\/wp\/v2\/posts\/123","targetHints":{"allow":["GET"]}}],"collection":[{"href":"https:\/\/ebasso.net\/wp\/wp-json\/wp\/v2\/posts"}],"about":[{"href":"https:\/\/ebasso.net\/wp\/wp-json\/wp\/v2\/types\/post"}],"author":[{"embeddable":true,"href":"https:\/\/ebasso.net\/wp\/wp-json\/wp\/v2\/users\/1"}],"replies":[{"embeddable":true,"href":"https:\/\/ebasso.net\/wp\/wp-json\/wp\/v2\/comments?post=123"}],"version-history":[{"count":0,"href":"https:\/\/ebasso.net\/wp\/wp-json\/wp\/v2\/posts\/123\/revisions"}],"wp:attachment":[{"href":"https:\/\/ebasso.net\/wp\/wp-json\/wp\/v2\/media?parent=123"}],"wp:term":[{"taxonomy":"category","embeddable":true,"href":"https:\/\/ebasso.net\/wp\/wp-json\/wp\/v2\/categories?post=123"},{"taxonomy":"post_tag","embeddable":true,"href":"https:\/\/ebasso.net\/wp\/wp-json\/wp\/v2\/tags?post=123"}],"curies":[{"name":"wp","href":"https:\/\/api.w.org\/{rel}","templated":true}]}}