{"id":302,"date":"2011-04-19T16:40:32","date_gmt":"2011-04-19T19:40:32","guid":{"rendered":"http:\/\/ebasso.net\/wp\/?p=302"},"modified":"2013-03-14T14:52:32","modified_gmt":"2013-03-14T17:52:32","slug":"evento-ibm-conecte-dia-28042011-em-brasilia","status":"publish","type":"post","link":"https:\/\/ebasso.net\/wp\/2011\/04\/19\/evento-ibm-conecte-dia-28042011-em-brasilia\/","title":{"rendered":"Evento IBM Conecte dia 28\/04\/2011 em Bras\u00edlia"},"content":{"rendered":"<p>N\u00e3o perca a oportunidade de participar do Evento <strong>IBM Conecte <\/strong>em Bras\u00edlia no pr\u00f3ximo dia 28.04.2011<\/p>\n<p>Local:<\/p>\n<p>HOTEL MERCURE LIDER<\/p>\n<p>SHN Quadra 5 Bloco I, Bras\u00edlia<\/p>\n<p>Agenda:<\/p>\n<p>08:30h &#8211; 09:00h Welcome\/Registro<br \/>\n09:00h &#8211; 09:30h Transforme seu neg\u00f3cio com o Social Business<br \/>\n09:30h &#8211; 10:30h Trazendo o Social Business para a realidade do seu neg\u00f3cio<br \/>\n10:30h &#8211; 10:50h Intervalo<br \/>\n10:50h &#8211; 11:50h Vis\u00e3o dos clientes : Depoimento do IBICT e da Panarello<br \/>\n11:50h &#8211; 12:00h Encerramento<\/p>\n<p>Inscri\u00e7\u00f5es:<\/p>\n<p>paulo.peres@arpia.srv.br ou pelo site <a href=\"http:\/\/www.supera.com.br\/site\/index.php?option=com_content&amp;view=article&amp;id=289:evento-ibm-lotus-conecte&amp;catid=58:eventos&amp;Itemid=108\" target=\"_blank\">Link<\/a><\/p>\n<div id=\"_mcePaste\" style=\"position: absolute; left: -10000px; top: 220px; width: 1px; height: 1px; overflow: hidden;\">http:\/\/www.supera.com.br\/site\/index.php?option=com_content&amp;view=article&amp;id=289:evento-ibm-lotus-conecte&amp;catid=58:eventos&amp;Itemid=108<\/div>\n<h3 class='related_post_title'>Leia tamb\u00e9m:<\/h3><ul class='related_post'><li><a href=\"https:\/\/ebasso.net\/wp\/2017\/04\/13\/auto-draft\/\" title=\"Download do Orient Me do IBM Connections 6\">Download do Orient Me do IBM Connections 6<\/a><\/li><li><a href=\"https:\/\/ebasso.net\/wp\/2017\/04\/10\/lancamento-do-connections-6-0\/\" title=\"Lan\u00e7amento do Connections 6.0\">Lan\u00e7amento do Connections 6.0<\/a><\/li><li><a href=\"https:\/\/ebasso.net\/wp\/2014\/01\/23\/anunciada-a-primeira-certificacao-em-opensocial\/\" title=\"Anunciada a Primeira Certifica\u00e7\u00e3o em OpenSocial\">Anunciada a Primeira Certifica\u00e7\u00e3o em OpenSocial<\/a><\/li><li><a href=\"https:\/\/ebasso.net\/wp\/2011\/04\/07\/pot-social-business-em-bsb-fotos-do-evento\/\" title=\"POT Social Business em BSB &#8211; Fotos do Evento\">POT Social Business em BSB &#8211; Fotos do Evento<\/a><\/li><li><a href=\"https:\/\/ebasso.net\/wp\/2018\/12\/28\/novo-local-para-o-ibm-collaboration-solutions-catalog\/\" title=\"Novo local para o IBM Collaboration Solutions Catalog\">Novo local para o IBM Collaboration Solutions Catalog<\/a><\/li><\/ul>","protected":false},"excerpt":{"rendered":"<p>N\u00e3o perca a oportunidade de participar do Evento IBM Conecte em Bras\u00edlia no pr\u00f3ximo dia 28.04.2011 Local: HOTEL MERCURE LIDER SHN Quadra 5 Bloco I, Bras\u00edlia Agenda: 08:30h &#8211; 09:00h &hellip; <a href=\"https:\/\/ebasso.net\/wp\/2011\/04\/19\/evento-ibm-conecte-dia-28042011-em-brasilia\/\" class=\"more-link\">Continue reading<span class=\"screen-reader-text\"> &#8220;Evento IBM Conecte dia 28\/04\/2011 em Bras\u00edlia&#8221;<\/span><\/a><\/p>\n","protected":false},"author":1,"featured_media":0,"comment_status":"open","ping_status":"open","sticky":false,"template":"","format":"standard","meta":{"footnotes":""},"categories":[1],"tags":[27,41,198],"class_list":["post-302","post","type-post","status-publish","format-standard","hentry","category-geral","tag-eventos","tag-ibm","tag-ibm-connections"],"aioseo_notices":[],"aioseo_head":"\n\t\t<!-- All in One SEO 4.9.10 - aioseo.com -->\n\t<meta name=\"robots\" content=\"max-image-preview:large\" \/>\n\t<meta name=\"author\" content=\"Enio Basso\"\/>\n\t<link rel=\"canonical\" href=\"https:\/\/ebasso.net\/wp\/2011\/04\/19\/evento-ibm-conecte-dia-28042011-em-brasilia\/\" \/>\n\t<meta name=\"generator\" content=\"All in One SEO (AIOSEO) 4.9.10\" \/>\n\t\t<meta property=\"og:locale\" content=\"en_US\" \/>\n\t\t<meta property=\"og:site_name\" content=\"Enio Basso | colabora\u00e7\u00e3o :: fam\u00edlia :: tecnologia da informa\u00e7\u00e3o\" \/>\n\t\t<meta property=\"og:type\" content=\"article\" \/>\n\t\t<meta property=\"og:title\" content=\"Evento IBM Conecte dia 28\/04\/2011 em Bras\u00edlia | Enio Basso\" \/>\n\t\t<meta property=\"og:url\" content=\"https:\/\/ebasso.net\/wp\/2011\/04\/19\/evento-ibm-conecte-dia-28042011-em-brasilia\/\" \/>\n\t\t<meta property=\"article:published_time\" content=\"2011-04-19T19:40:32+00:00\" \/>\n\t\t<meta property=\"article:modified_time\" content=\"2013-03-14T17:52:32+00:00\" \/>\n\t\t<meta name=\"twitter:card\" content=\"summary\" \/>\n\t\t<meta name=\"twitter:title\" content=\"Evento IBM Conecte dia 28\/04\/2011 em Bras\u00edlia | Enio Basso\" \/>\n\t\t<script type=\"application\/ld+json\" class=\"aioseo-schema\">\n\t\t\t{\"@context\":\"https:\\\/\\\/schema.org\",\"@graph\":[{\"@type\":\"Article\",\"@id\":\"https:\\\/\\\/ebasso.net\\\/wp\\\/2011\\\/04\\\/19\\\/evento-ibm-conecte-dia-28042011-em-brasilia\\\/#article\",\"name\":\"Evento IBM Conecte dia 28\\\/04\\\/2011 em Bras\\u00edlia | Enio Basso\",\"headline\":\"Evento IBM Conecte dia 28\\\/04\\\/2011 em Bras\\u00edlia\",\"author\":{\"@id\":\"https:\\\/\\\/ebasso.net\\\/wp\\\/author\\\/enio-basso\\\/#author\"},\"publisher\":{\"@id\":\"https:\\\/\\\/ebasso.net\\\/wp\\\/#organization\"},\"datePublished\":\"2011-04-19T16:40:32-03:00\",\"dateModified\":\"2013-03-14T14:52:32-03:00\",\"inLanguage\":\"en-US\",\"mainEntityOfPage\":{\"@id\":\"https:\\\/\\\/ebasso.net\\\/wp\\\/2011\\\/04\\\/19\\\/evento-ibm-conecte-dia-28042011-em-brasilia\\\/#webpage\"},\"isPartOf\":{\"@id\":\"https:\\\/\\\/ebasso.net\\\/wp\\\/2011\\\/04\\\/19\\\/evento-ibm-conecte-dia-28042011-em-brasilia\\\/#webpage\"},\"articleSection\":\"Geral, eventos, ibm, ibm-connections\"},{\"@type\":\"BreadcrumbList\",\"@id\":\"https:\\\/\\\/ebasso.net\\\/wp\\\/2011\\\/04\\\/19\\\/evento-ibm-conecte-dia-28042011-em-brasilia\\\/#breadcrumblist\",\"itemListElement\":[{\"@type\":\"ListItem\",\"@id\":\"https:\\\/\\\/ebasso.net\\\/wp#listItem\",\"position\":1,\"name\":\"Home\",\"item\":\"https:\\\/\\\/ebasso.net\\\/wp\",\"nextItem\":{\"@type\":\"ListItem\",\"@id\":\"https:\\\/\\\/ebasso.net\\\/wp\\\/category\\\/geral\\\/#listItem\",\"name\":\"Geral\"}},{\"@type\":\"ListItem\",\"@id\":\"https:\\\/\\\/ebasso.net\\\/wp\\\/category\\\/geral\\\/#listItem\",\"position\":2,\"name\":\"Geral\",\"item\":\"https:\\\/\\\/ebasso.net\\\/wp\\\/category\\\/geral\\\/\",\"nextItem\":{\"@type\":\"ListItem\",\"@id\":\"https:\\\/\\\/ebasso.net\\\/wp\\\/2011\\\/04\\\/19\\\/evento-ibm-conecte-dia-28042011-em-brasilia\\\/#listItem\",\"name\":\"Evento IBM Conecte dia 28\\\/04\\\/2011 em Bras\\u00edlia\"},\"previousItem\":{\"@type\":\"ListItem\",\"@id\":\"https:\\\/\\\/ebasso.net\\\/wp#listItem\",\"name\":\"Home\"}},{\"@type\":\"ListItem\",\"@id\":\"https:\\\/\\\/ebasso.net\\\/wp\\\/2011\\\/04\\\/19\\\/evento-ibm-conecte-dia-28042011-em-brasilia\\\/#listItem\",\"position\":3,\"name\":\"Evento IBM Conecte dia 28\\\/04\\\/2011 em Bras\\u00edlia\",\"previousItem\":{\"@type\":\"ListItem\",\"@id\":\"https:\\\/\\\/ebasso.net\\\/wp\\\/category\\\/geral\\\/#listItem\",\"name\":\"Geral\"}}]},{\"@type\":\"Organization\",\"@id\":\"https:\\\/\\\/ebasso.net\\\/wp\\\/#organization\",\"name\":\"Enio Basso\",\"description\":\"colabora\\u00e7\\u00e3o :: fam\\u00edlia :: tecnologia da informa\\u00e7\\u00e3o\",\"url\":\"https:\\\/\\\/ebasso.net\\\/wp\\\/\"},{\"@type\":\"Person\",\"@id\":\"https:\\\/\\\/ebasso.net\\\/wp\\\/author\\\/enio-basso\\\/#author\",\"url\":\"https:\\\/\\\/ebasso.net\\\/wp\\\/author\\\/enio-basso\\\/\",\"name\":\"Enio Basso\",\"image\":{\"@type\":\"ImageObject\",\"@id\":\"https:\\\/\\\/ebasso.net\\\/wp\\\/2011\\\/04\\\/19\\\/evento-ibm-conecte-dia-28042011-em-brasilia\\\/#authorImage\",\"url\":\"https:\\\/\\\/secure.gravatar.com\\\/avatar\\\/0c8f58cc2ed293ce7ce937afc2ee413a23fc74b6200534917d33bb08c4814854?s=96&d=mm&r=g\",\"width\":96,\"height\":96,\"caption\":\"Enio Basso\"}},{\"@type\":\"WebPage\",\"@id\":\"https:\\\/\\\/ebasso.net\\\/wp\\\/2011\\\/04\\\/19\\\/evento-ibm-conecte-dia-28042011-em-brasilia\\\/#webpage\",\"url\":\"https:\\\/\\\/ebasso.net\\\/wp\\\/2011\\\/04\\\/19\\\/evento-ibm-conecte-dia-28042011-em-brasilia\\\/\",\"name\":\"Evento IBM Conecte dia 28\\\/04\\\/2011 em Bras\\u00edlia | Enio Basso\",\"inLanguage\":\"en-US\",\"isPartOf\":{\"@id\":\"https:\\\/\\\/ebasso.net\\\/wp\\\/#website\"},\"breadcrumb\":{\"@id\":\"https:\\\/\\\/ebasso.net\\\/wp\\\/2011\\\/04\\\/19\\\/evento-ibm-conecte-dia-28042011-em-brasilia\\\/#breadcrumblist\"},\"author\":{\"@id\":\"https:\\\/\\\/ebasso.net\\\/wp\\\/author\\\/enio-basso\\\/#author\"},\"creator\":{\"@id\":\"https:\\\/\\\/ebasso.net\\\/wp\\\/author\\\/enio-basso\\\/#author\"},\"datePublished\":\"2011-04-19T16:40:32-03:00\",\"dateModified\":\"2013-03-14T14:52:32-03:00\"},{\"@type\":\"WebSite\",\"@id\":\"https:\\\/\\\/ebasso.net\\\/wp\\\/#website\",\"url\":\"https:\\\/\\\/ebasso.net\\\/wp\\\/\",\"name\":\"Enio Basso\",\"description\":\"colabora\\u00e7\\u00e3o :: fam\\u00edlia :: tecnologia da informa\\u00e7\\u00e3o\",\"inLanguage\":\"en-US\",\"publisher\":{\"@id\":\"https:\\\/\\\/ebasso.net\\\/wp\\\/#organization\"}}]}\n\t\t<\/script>\n\t\t<!-- All in One SEO -->\n\n","aioseo_head_json":{"title":"Evento IBM Conecte dia 28\/04\/2011 em Bras\u00edlia | Enio Basso","description":"","canonical_url":"https:\/\/ebasso.net\/wp\/2011\/04\/19\/evento-ibm-conecte-dia-28042011-em-brasilia\/","robots":"max-image-preview:large","keywords":"","webmasterTools":{"miscellaneous":""},"schema":{"@context":"https:\/\/schema.org","@graph":[{"@type":"Article","@id":"https:\/\/ebasso.net\/wp\/2011\/04\/19\/evento-ibm-conecte-dia-28042011-em-brasilia\/#article","name":"Evento IBM Conecte dia 28\/04\/2011 em Bras\u00edlia | Enio Basso","headline":"Evento IBM Conecte dia 28\/04\/2011 em Bras\u00edlia","author":{"@id":"https:\/\/ebasso.net\/wp\/author\/enio-basso\/#author"},"publisher":{"@id":"https:\/\/ebasso.net\/wp\/#organization"},"datePublished":"2011-04-19T16:40:32-03:00","dateModified":"2013-03-14T14:52:32-03:00","inLanguage":"en-US","mainEntityOfPage":{"@id":"https:\/\/ebasso.net\/wp\/2011\/04\/19\/evento-ibm-conecte-dia-28042011-em-brasilia\/#webpage"},"isPartOf":{"@id":"https:\/\/ebasso.net\/wp\/2011\/04\/19\/evento-ibm-conecte-dia-28042011-em-brasilia\/#webpage"},"articleSection":"Geral, eventos, ibm, ibm-connections"},{"@type":"BreadcrumbList","@id":"https:\/\/ebasso.net\/wp\/2011\/04\/19\/evento-ibm-conecte-dia-28042011-em-brasilia\/#breadcrumblist","itemListElement":[{"@type":"ListItem","@id":"https:\/\/ebasso.net\/wp#listItem","position":1,"name":"Home","item":"https:\/\/ebasso.net\/wp","nextItem":{"@type":"ListItem","@id":"https:\/\/ebasso.net\/wp\/category\/geral\/#listItem","name":"Geral"}},{"@type":"ListItem","@id":"https:\/\/ebasso.net\/wp\/category\/geral\/#listItem","position":2,"name":"Geral","item":"https:\/\/ebasso.net\/wp\/category\/geral\/","nextItem":{"@type":"ListItem","@id":"https:\/\/ebasso.net\/wp\/2011\/04\/19\/evento-ibm-conecte-dia-28042011-em-brasilia\/#listItem","name":"Evento IBM Conecte dia 28\/04\/2011 em Bras\u00edlia"},"previousItem":{"@type":"ListItem","@id":"https:\/\/ebasso.net\/wp#listItem","name":"Home"}},{"@type":"ListItem","@id":"https:\/\/ebasso.net\/wp\/2011\/04\/19\/evento-ibm-conecte-dia-28042011-em-brasilia\/#listItem","position":3,"name":"Evento IBM Conecte dia 28\/04\/2011 em Bras\u00edlia","previousItem":{"@type":"ListItem","@id":"https:\/\/ebasso.net\/wp\/category\/geral\/#listItem","name":"Geral"}}]},{"@type":"Organization","@id":"https:\/\/ebasso.net\/wp\/#organization","name":"Enio Basso","description":"colabora\u00e7\u00e3o :: fam\u00edlia :: tecnologia da informa\u00e7\u00e3o","url":"https:\/\/ebasso.net\/wp\/"},{"@type":"Person","@id":"https:\/\/ebasso.net\/wp\/author\/enio-basso\/#author","url":"https:\/\/ebasso.net\/wp\/author\/enio-basso\/","name":"Enio Basso","image":{"@type":"ImageObject","@id":"https:\/\/ebasso.net\/wp\/2011\/04\/19\/evento-ibm-conecte-dia-28042011-em-brasilia\/#authorImage","url":"https:\/\/secure.gravatar.com\/avatar\/0c8f58cc2ed293ce7ce937afc2ee413a23fc74b6200534917d33bb08c4814854?s=96&d=mm&r=g","width":96,"height":96,"caption":"Enio Basso"}},{"@type":"WebPage","@id":"https:\/\/ebasso.net\/wp\/2011\/04\/19\/evento-ibm-conecte-dia-28042011-em-brasilia\/#webpage","url":"https:\/\/ebasso.net\/wp\/2011\/04\/19\/evento-ibm-conecte-dia-28042011-em-brasilia\/","name":"Evento IBM Conecte dia 28\/04\/2011 em Bras\u00edlia | Enio Basso","inLanguage":"en-US","isPartOf":{"@id":"https:\/\/ebasso.net\/wp\/#website"},"breadcrumb":{"@id":"https:\/\/ebasso.net\/wp\/2011\/04\/19\/evento-ibm-conecte-dia-28042011-em-brasilia\/#breadcrumblist"},"author":{"@id":"https:\/\/ebasso.net\/wp\/author\/enio-basso\/#author"},"creator":{"@id":"https:\/\/ebasso.net\/wp\/author\/enio-basso\/#author"},"datePublished":"2011-04-19T16:40:32-03:00","dateModified":"2013-03-14T14:52:32-03:00"},{"@type":"WebSite","@id":"https:\/\/ebasso.net\/wp\/#website","url":"https:\/\/ebasso.net\/wp\/","name":"Enio Basso","description":"colabora\u00e7\u00e3o :: fam\u00edlia :: tecnologia da informa\u00e7\u00e3o","inLanguage":"en-US","publisher":{"@id":"https:\/\/ebasso.net\/wp\/#organization"}}]},"og:locale":"en_US","og:site_name":"Enio Basso | colabora\u00e7\u00e3o :: fam\u00edlia :: tecnologia da informa\u00e7\u00e3o","og:type":"article","og:title":"Evento IBM Conecte dia 28\/04\/2011 em Bras\u00edlia | Enio Basso","og:url":"https:\/\/ebasso.net\/wp\/2011\/04\/19\/evento-ibm-conecte-dia-28042011-em-brasilia\/","article:published_time":"2011-04-19T19:40:32+00:00","article:modified_time":"2013-03-14T17:52:32+00:00","twitter:card":"summary","twitter:title":"Evento IBM Conecte dia 28\/04\/2011 em Bras\u00edlia | Enio Basso"},"aioseo_meta_data":{"post_id":"302","title":null,"description":null,"keywords":null,"keyphrases":null,"primary_term":null,"canonical_url":null,"og_title":null,"og_description":null,"og_object_type":"default","og_image_type":"default","og_image_url":null,"og_image_width":null,"og_image_height":null,"og_image_custom_url":null,"og_image_custom_fields":null,"og_video":null,"og_custom_url":null,"og_article_section":null,"og_article_tags":null,"twitter_use_og":false,"twitter_card":"default","twitter_image_type":"default","twitter_image_url":null,"twitter_image_custom_url":null,"twitter_image_custom_fields":null,"twitter_title":null,"twitter_description":null,"schema":{"blockGraphs":[],"customGraphs":[],"default":{"data":{"Article":[],"Course":[],"Dataset":[],"FAQPage":[],"Movie":[],"Person":[],"Product":[],"ProductReview":[],"Car":[],"Recipe":[],"Service":[],"SoftwareApplication":[],"WebPage":[]},"graphName":"Article","isEnabled":true},"graphs":[]},"schema_type":null,"schema_type_options":null,"pillar_content":false,"robots_default":true,"robots_noindex":false,"robots_noarchive":false,"robots_nosnippet":false,"robots_nofollow":false,"robots_noimageindex":false,"robots_noodp":false,"robots_notranslate":false,"robots_max_snippet":null,"robots_max_videopreview":null,"robots_max_imagepreview":"large","priority":null,"frequency":null,"local_seo":null,"breadcrumb_settings":null,"limit_modified_date":false,"ai":null,"created":"2021-03-23 11:43:00","updated":"2025-06-17 13:35:20","seo_analyzer_scan_date":null},"aioseo_breadcrumb":"<div class=\"aioseo-breadcrumbs\"><span class=\"aioseo-breadcrumb\">\n\t\t\t<a href=\"https:\/\/ebasso.net\/wp\" title=\"Home\">Home<\/a>\n\t\t<\/span><span class=\"aioseo-breadcrumb-separator\">&raquo;<\/span><span class=\"aioseo-breadcrumb\">\n\t\t\t<a href=\"https:\/\/ebasso.net\/wp\/category\/geral\/\" title=\"Geral\">Geral<\/a>\n\t\t<\/span><span class=\"aioseo-breadcrumb-separator\">&raquo;<\/span><span class=\"aioseo-breadcrumb\">\n\t\t\tEvento IBM Conecte dia 28\/04\/2011 em Bras\u00edlia\n\t\t<\/span><\/div>","aioseo_breadcrumb_json":[{"label":"Home","link":"https:\/\/ebasso.net\/wp"},{"label":"Geral","link":"https:\/\/ebasso.net\/wp\/category\/geral\/"},{"label":"Evento IBM Conecte dia 28\/04\/2011 em Bras\u00edlia","link":"https:\/\/ebasso.net\/wp\/2011\/04\/19\/evento-ibm-conecte-dia-28042011-em-brasilia\/"}],"views":2460,"_links":{"self":[{"href":"https:\/\/ebasso.net\/wp\/wp-json\/wp\/v2\/posts\/302","targetHints":{"allow":["GET"]}}],"collection":[{"href":"https:\/\/ebasso.net\/wp\/wp-json\/wp\/v2\/posts"}],"about":[{"href":"https:\/\/ebasso.net\/wp\/wp-json\/wp\/v2\/types\/post"}],"author":[{"embeddable":true,"href":"https:\/\/ebasso.net\/wp\/wp-json\/wp\/v2\/users\/1"}],"replies":[{"embeddable":true,"href":"https:\/\/ebasso.net\/wp\/wp-json\/wp\/v2\/comments?post=302"}],"version-history":[{"count":3,"href":"https:\/\/ebasso.net\/wp\/wp-json\/wp\/v2\/posts\/302\/revisions"}],"predecessor-version":[{"id":304,"href":"https:\/\/ebasso.net\/wp\/wp-json\/wp\/v2\/posts\/302\/revisions\/304"}],"wp:attachment":[{"href":"https:\/\/ebasso.net\/wp\/wp-json\/wp\/v2\/media?parent=302"}],"wp:term":[{"taxonomy":"category","embeddable":true,"href":"https:\/\/ebasso.net\/wp\/wp-json\/wp\/v2\/categories?post=302"},{"taxonomy":"post_tag","embeddable":true,"href":"https:\/\/ebasso.net\/wp\/wp-json\/wp\/v2\/tags?post=302"}],"curies":[{"name":"wp","href":"https:\/\/api.w.org\/{rel}","templated":true}]}}